{"id":1089,"date":"2023-12-30T00:27:05","date_gmt":"2023-12-29T23:27:05","guid":{"rendered":"https:\/\/colloqueapnee.fr\/?p=1089"},"modified":"2024-04-16T23:29:37","modified_gmt":"2024-04-16T21:29:37","slug":"matinee-du-dimanche","status":"publish","type":"post","link":"https:\/\/colloqueapnee.fr\/index.php\/matinee-du-dimanche\/","title":{"rendered":"Matin\u00e9e du dimanche"},"content":{"rendered":"\n<ul>\n<li><\/li>\n\n\n\n<li>Acc\u00e8s aux ateliers Apn\u00e9e de la Base de Plong\u00e9e de Foug\u00e8res (pour auto-encadr\u00e9s ou non)<\/li>\n\n\n\n<li>Atelier sur le th\u00e8me de la compensation avec Yannick Saluden (formateur Moving Limits)<\/li>\n\n\n\n<li>Atelier sur le th\u00e8me de l&rsquo;accueil Handisub et Sport Sant\u00e9<\/li>\n\n\n\n<li>2 ateliers de pr\u00e9paration mentale\/auto-hypnose avec Hypn\u00e9e (un pour cadres, un pour pratiquants)<\/li>\n<\/ul>\n","protected":false},"excerpt":{"rendered":"","protected":false},"author":1,"featured_media":0,"comment_status":"closed","ping_status":"open","sticky":false,"template":"","format":"standard","meta":{"jetpack_post_was_ever_published":false,"_jetpack_newsletter_access":"","_jetpack_dont_email_post_to_subs":false,"_jetpack_newsletter_tier_id":0,"_jetpack_memberships_contains_paywalled_content":false,"footnotes":"","_jetpack_memberships_contains_paid_content":false,"jetpack_publicize_message":"","jetpack_publicize_feature_enabled":true,"jetpack_social_post_already_shared":true,"jetpack_social_options":{"image_generator_settings":{"template":"highway","enabled":false}}},"categories":[35],"tags":[],"jetpack_publicize_connections":[],"jetpack_featured_media_url":"","jetpack_sharing_enabled":true,"jetpack_shortlink":"https:\/\/wp.me\/p9vMBa-hz","_links":{"self":[{"href":"https:\/\/colloqueapnee.fr\/index.php\/wp-json\/wp\/v2\/posts\/1089"}],"collection":[{"href":"https:\/\/colloqueapnee.fr\/index.php\/wp-json\/wp\/v2\/posts"}],"about":[{"href":"https:\/\/colloqueapnee.fr\/index.php\/wp-json\/wp\/v2\/types\/post"}],"author":[{"embeddable":true,"href":"https:\/\/colloqueapnee.fr\/index.php\/wp-json\/wp\/v2\/users\/1"}],"replies":[{"embeddable":true,"href":"https:\/\/colloqueapnee.fr\/index.php\/wp-json\/wp\/v2\/comments?post=1089"}],"version-history":[{"count":4,"href":"https:\/\/colloqueapnee.fr\/index.php\/wp-json\/wp\/v2\/posts\/1089\/revisions"}],"predecessor-version":[{"id":1202,"href":"https:\/\/colloqueapnee.fr\/index.php\/wp-json\/wp\/v2\/posts\/1089\/revisions\/1202"}],"wp:attachment":[{"href":"https:\/\/colloqueapnee.fr\/index.php\/wp-json\/wp\/v2\/media?parent=1089"}],"wp:term":[{"taxonomy":"category","embeddable":true,"href":"https:\/\/colloqueapnee.fr\/index.php\/wp-json\/wp\/v2\/categories?post=1089"},{"taxonomy":"post_tag","embeddable":true,"href":"https:\/\/colloqueapnee.fr\/index.php\/wp-json\/wp\/v2\/tags?post=1089"}],"curies":[{"name":"wp","href":"https:\/\/api.w.org\/{rel}","templated":true}]}}